{"id":1131,"date":"2025-06-25T10:38:23","date_gmt":"2025-06-25T08:38:23","guid":{"rendered":"https:\/\/laspezieriadellaseta.it\/?p=1131"},"modified":"2026-02-24T17:53:52","modified_gmt":"2026-02-24T16:53:52","slug":"bologna-tra-storia-arte-e-fragranze-artistiche","status":"publish","type":"post","link":"https:\/\/laspezieriadellaseta.it\/en\/bologna-tra-storia-arte-e-fragranze-artistiche\/","title":{"rendered":"Bologna tra storia, arte e fragranze artistiche"},"content":{"rendered":"<p>Hai mai pensato a quanto una citt\u00e0 possa farsi ricordare anche per il suo profumo? &nbsp;<br>La citt\u00e0 di Bologna racchiude all\u2019interno di s\u00e9 una ricchezza che va oltre la semplice definizione di meta turistica. Visitare Bologna significa vivere un\u2019esperienza autentica, in cui ogni vicolo \u00e8 custode di storia, cultura e tradizione. &nbsp;<br>E\u2019 una citt\u00e0 che, con i suoi portici, patrimonio dell\u2019Unesco, le piazze eleganti e le torri che si ergono tra i tetti rossi, parla da s\u00e9: incanta con la sua storia, affascina con la sua cultura e seduce con la sua bellezza.&nbsp;&nbsp;<\/p>\n\n\n\n<p>Racchiusa all\u2019interno di questa atmosfera La Spezieria della Seta propone un\u2019esperienza sensoriale unica: un percorso olfattivo pensato per gli amanti della profumeria artigianale per far vivere a pieno respiro le <strong>fragranze artistiche<\/strong>. Verrai accompagnato alla scoperta della citt\u00e0 con un percorso coinvolgente attraverso le sue essenze.<\/p>\n\n\n\n<h2 class=\"wp-block-heading\"><strong>La Bologna che tutti conoscono<\/strong><\/h2>\n\n\n\n<p>Bologna \u00e8 una citt\u00e0 dal fascino inconfondibile, che rende ogni visita un\u2019immersione profonda nell\u2019autentica anima italiana.&nbsp;&nbsp;<\/p>\n\n\n\n<p>L&#8217;arte \u00e8 ovunque: dalla maestosit\u00e0 di Piazza Maggiore, cuore pulsante della citt\u00e0, con la Basilica di San Petronio, quinta chiesa pi\u00f9 grande al mondo, incanta con la sua facciata incompiuta e le sue navate imponenti, fino alle Due Torri, simboli indiscussi che sfidano il tempo con la loro pendenza e offrono panorami mozzafiato. La bellezza continua con la Fontana del Nettuno, le numerose chiese, gli affreschi e le collezioni d\u2019arte conservate nei palazzi storici e nelle gallerie testimoni di un passato celebre.&nbsp;&nbsp;<\/p>\n\n\n\n<p>Da secoli sinonimo di sapere, l\u2019Alma Mater Studiorum, \u00e8 la pi\u00f9 antica universit\u00e0 del mondo occidentale e che ancora oggi permea la citt\u00e0. L\u2019universit\u00e0 nel corso dei secoli ha attratto e continua tutt\u2019oggi menti brillanti da ogni parte del mondo rendendo Bologna un centro di eccellenza accademica e culturale. Questa presenza intellettuale si traduce in una ricca offerta di eventi culturali, mostre, festival e convegni che animano la citt\u00e0 tutto l\u2019anno.&nbsp;<\/p>\n\n\n\n<h2 class=\"wp-block-heading\"><strong>Bologna: la citt\u00e0 che non ti aspetti<\/strong><\/h2>\n\n\n\n<p>Bologna \u00e8 anche,&nbsp;e soprattutto, una citt\u00e0 che cela sotto i suoi portici&nbsp;una storia invisibile, fatta d\u2019acqua, cultura e seta. Pochi sanno che nei secoli passati, proprio qui, scorreva una&nbsp;rete di canali artificiali, costruiti grazie all&#8217;ingegno dei suoi abitanti. Questi corsi d\u2019acqua, oggi in gran parte nascosti, alimentavano oltre 400 mulini e torcitoi, trasformando Bologna in un polo industriale e commerciale tra i pi\u00f9 avanzati d\u2019Europa. Al centro di questo sistema fioriva la&nbsp;produzione della seta, con fiere, filande e mercanti che trasformavano il centro storico in un crocevia vivace di aromi, colori e suoni.&nbsp;<\/p>\n\n\n\n<p>Sotto i portici del Pavaglione si trattavano i bozzoli, si intrecciavano trame, si scambiavano spezie. Ed \u00e8 proprio da questa&nbsp;atmosfera sospesa tra materia e profumo&nbsp;che nasce l\u2019esperienza olfattiva de&nbsp;La Spezieria della Seta.&nbsp;<\/p>\n\n\n\n<p>Visitare Bologna, dunque, significa anche lasciarsi sorprendere dal suo passato nascosto. E immergersi in quel passato oggi \u00e8 possibile,&nbsp;non solo con gli occhi, ma anche attraverso il naso.<\/p>\n\n\n\n<h2 class=\"wp-block-heading\"><strong>La Spezieria della Seta: il percorso olfattivo tra le fragranze artistiche<\/strong>\u00a0<\/h2>\n\n\n\n<p>A due passi da Piazza Maggiore, presso la storica Farmacia del Pavaglione, nel cuore pulsante della citt\u00e0, prende vita un\u2019esperienza unica che unisce narrazione, storia e sensi: il percorso olfattivo della Spezieria della Seta, un viaggio multisensoriale nel mondo della profumeria artistico.\u00a0<\/p>\n\n\n\n<h3 class=\"wp-block-heading\"><strong>Come si svolge l\u2019esperienza<\/strong><\/h3>\n\n\n\n<p>Il percorso si svolge nella storica Farmacia del Pavaglione, in uno spazio ricco di storia e curato nei dettagli, per riuscire a creare connessione profonda tra memoria, racconto e profumo. Ogni ospite viene accolto con una narrazione introduttiva che ripercorre&nbsp;la storia dei canali, della seta e del commercio&nbsp;che ha reso Bologna un\u2019eccellenza in Europa. Da l\u00ec si comincia un viaggio sensoriale in cui ogni fragranza viene raccontata come un episodio: viene ascoltata, annusata, immaginata.&nbsp;<\/p>\n\n\n\n<p>Le essenze non vengono semplicemente \u201cprovate\u201d, ma&nbsp;accompagnate da suggestioni visive e storiche, evocando luoghi, personaggi e momenti del passato. Il percorso segue un crescendo di intensit\u00e0, come un romanzo olfattivo in cui ogni capitolo svela un frammento della citt\u00e0.<\/p>\n\n\n\n<h3 class=\"wp-block-heading\"><strong>Perch\u00e9 vivrai Bologna in un solo respiro<\/strong><\/h3>\n\n\n\n<p>Scegliere questo percorso significa riservarsi il privilegio di vivere la citt\u00e0 di Bologna in modo diverso, andando oltre i monumenti e le piazze, per esplorarla attraverso l\u2019olfatto e scoprirne il suo senso pi\u00f9 evocativo. \u00c8 un invito a rallentare, ad ascoltarsi e lasciarsi trasportare in un mondo intimo e coinvolgente interamente ispirato alla storia e alla cultura della ricca citt\u00e0.&nbsp;<\/p>\n\n\n\n<p>Se sei alla ricerca di un\u2019esperienza autentica, pensata su misura per te, o se desideri portare con te un ricordo di viaggio che, non si limiti ad essere visto, ma anche sentito e vissuto, questo percorso non pu\u00f2 mancare tra le tue tappe. \u00c8 un frammento intimo di Bologna da vivere con il cuore e con i sensi.<\/p>\n\n\n\n<p>Attraverso il racconto dettagliato ed evocativo di ogni fragranza avrai la sensazione realistica di immergerti e rivivere personalmente i momenti salienti della produzione e storia dell\u2019antica arte della seteria.<\/p>\n\n\n\n<h3 class=\"wp-block-heading\"><strong>Un&#8217;esperienza per gli appassionati di profumi di nicchia<\/strong><\/h3>\n\n\n\n<p>Se cerchi qualcosa che vada oltre il semplice acquisto e desideri invece vivere un momento in cui i tuoi sensi vengano completamente assorti dalle fragranze allora questo percorso \u00e8 pensato proprio per te.&nbsp;&nbsp;<\/p>\n\n\n\n<p>Ogni composizione viene presentata attraverso una narrazione sensoriale, creando un dialogo emotivo e unico tra il visitatore e il profumo. Non esiste una fragranza \u201cgiusta\u201d in senso assoluto ma quella che riesce a connettersi alla tua memoria emotiva. Ed \u00e8 proprio questo aspetto che rende l\u2019esperienza unica: il suo essere profondamente soggettiva, irripetibile.&nbsp;&nbsp;<\/p>\n\n\n\n<p>Che tu sia di passaggio o viva a Bologna,\u00a0questo viaggio nei profumi ti regaler\u00e0 un frammento della citt\u00e0 che rester\u00e0 con te a lungo, invisibile ma indelebile. Ti aspettiamo alla Farmacia del Pavaglione.<\/p>","protected":false},"excerpt":{"rendered":"<p>Hai mai pensato a quanto una citt\u00e0 possa farsi ricordare anche per il suo profumo? &nbsp;La citt\u00e0 di Bologna racchiude all\u2019interno di s\u00e9 una ricchezza che va oltre la semplice definizione di meta turistica. Visitare Bologna significa vivere un\u2019esperienza autentica, in cui ogni vicolo \u00e8 custode di storia, cultura e [&hellip;]<\/p>\n","protected":false},"author":2,"featured_media":1134,"comment_status":"open","ping_status":"open","sticky":false,"template":"","format":"standard","meta":{"footnotes":""},"categories":[1],"tags":[131,129,130,128],"class_list":["post-1131","post","type-post","status-publish","format-standard","has-post-thumbnail","hentry","category-magazine","tag-famiglie-olfattive","tag-profumeria-artistica","tag-profumi-artistici","tag-profumi-di-nicchia"],"yoast_head":"<!-- This site is optimized with the Yoast SEO plugin v27.4 - https:\/\/yoast.com\/product\/yoast-seo-wordpress\/ -->\n<title>Bologna tra storia, arte e fragranze artistiche - La Spezieria della Seta<\/title>\n<meta name=\"description\" content=\"Visitare Bologna significa vivere un\u2019esperienza autentica, in cui i vicoli sono custodi di storia e tradizione. Scoprila attraverso fragranze artistiche.\" \/>\n<meta name=\"robots\" content=\"index, follow, max-snippet:-1, max-image-preview:large, max-video-preview:-1\" \/>\n<link rel=\"canonical\" href=\"https:\/\/laspezieriadellaseta.it\/en\/bologna-tra-storia-arte-e-fragranze-artistiche\/\" \/>\n<meta property=\"og:locale\" content=\"en_GB\" \/>\n<meta property=\"og:type\" content=\"article\" \/>\n<meta property=\"og:title\" content=\"Bologna tra storia, arte e fragranze artistiche - La Spezieria della Seta\" \/>\n<meta property=\"og:description\" content=\"Visitare Bologna significa vivere un\u2019esperienza autentica, in cui i vicoli sono custodi di storia e tradizione. Scoprila attraverso fragranze artistiche.\" \/>\n<meta property=\"og:url\" content=\"https:\/\/laspezieriadellaseta.it\/en\/bologna-tra-storia-arte-e-fragranze-artistiche\/\" \/>\n<meta property=\"og:site_name\" content=\"La Spezieria della Seta\" \/>\n<meta property=\"article:publisher\" content=\"https:\/\/www.facebook.com\/profile.php?id=61573979611482\" \/>\n<meta property=\"article:published_time\" content=\"2025-06-25T08:38:23+00:00\" \/>\n<meta property=\"article:modified_time\" content=\"2026-02-24T16:53:52+00:00\" \/>\n<meta property=\"og:image\" content=\"https:\/\/laspezieriadellaseta.it\/wp-content\/uploads\/2025\/06\/fragranze_artistiche_percorso_olfattivo.png\" \/>\n\t<meta property=\"og:image:width\" content=\"2560\" \/>\n\t<meta property=\"og:image:height\" content=\"1200\" \/>\n\t<meta property=\"og:image:type\" content=\"image\/png\" \/>\n<meta name=\"author\" content=\"La Spezieria\" \/>\n<meta name=\"twitter:card\" content=\"summary_large_image\" \/>\n<meta name=\"twitter:label1\" content=\"Written by\" \/>\n\t<meta name=\"twitter:data1\" content=\"La Spezieria\" \/>\n\t<meta name=\"twitter:label2\" content=\"Estimated reading time\" \/>\n\t<meta name=\"twitter:data2\" content=\"6 minutes\" \/>\n<script type=\"application\/ld+json\" class=\"yoast-schema-graph\">{\"@context\":\"https:\\\/\\\/schema.org\",\"@graph\":[{\"@type\":\"Article\",\"@id\":\"https:\\\/\\\/laspezieriadellaseta.it\\\/bologna-tra-storia-arte-e-fragranze-artistiche\\\/#article\",\"isPartOf\":{\"@id\":\"https:\\\/\\\/laspezieriadellaseta.it\\\/bologna-tra-storia-arte-e-fragranze-artistiche\\\/\"},\"author\":{\"name\":\"La Spezieria\",\"@id\":\"https:\\\/\\\/laspezieriadellaseta.it\\\/#\\\/schema\\\/person\\\/d9c2b9b60b9600d011163124c21ee15c\"},\"headline\":\"Bologna tra storia, arte e fragranze artistiche\",\"datePublished\":\"2025-06-25T08:38:23+00:00\",\"dateModified\":\"2026-02-24T16:53:52+00:00\",\"mainEntityOfPage\":{\"@id\":\"https:\\\/\\\/laspezieriadellaseta.it\\\/bologna-tra-storia-arte-e-fragranze-artistiche\\\/\"},\"wordCount\":985,\"commentCount\":0,\"publisher\":{\"@id\":\"https:\\\/\\\/laspezieriadellaseta.it\\\/#organization\"},\"image\":{\"@id\":\"https:\\\/\\\/laspezieriadellaseta.it\\\/bologna-tra-storia-arte-e-fragranze-artistiche\\\/#primaryimage\"},\"thumbnailUrl\":\"https:\\\/\\\/laspezieriadellaseta.it\\\/wp-content\\\/uploads\\\/2025\\\/06\\\/fragranze_artistiche_percorso_olfattivo.png\",\"keywords\":[\"famiglie olfattive\",\"profumeria artistica\",\"profumi artistici\",\"profumi di nicchia\"],\"articleSection\":[\"Magazine\"],\"inLanguage\":\"en-GB\",\"potentialAction\":[{\"@type\":\"CommentAction\",\"name\":\"Comment\",\"target\":[\"https:\\\/\\\/laspezieriadellaseta.it\\\/bologna-tra-storia-arte-e-fragranze-artistiche\\\/#respond\"]}]},{\"@type\":\"WebPage\",\"@id\":\"https:\\\/\\\/laspezieriadellaseta.it\\\/bologna-tra-storia-arte-e-fragranze-artistiche\\\/\",\"url\":\"https:\\\/\\\/laspezieriadellaseta.it\\\/bologna-tra-storia-arte-e-fragranze-artistiche\\\/\",\"name\":\"Bologna tra storia, arte e fragranze artistiche - La Spezieria della Seta\",\"isPartOf\":{\"@id\":\"https:\\\/\\\/laspezieriadellaseta.it\\\/#website\"},\"primaryImageOfPage\":{\"@id\":\"https:\\\/\\\/laspezieriadellaseta.it\\\/bologna-tra-storia-arte-e-fragranze-artistiche\\\/#primaryimage\"},\"image\":{\"@id\":\"https:\\\/\\\/laspezieriadellaseta.it\\\/bologna-tra-storia-arte-e-fragranze-artistiche\\\/#primaryimage\"},\"thumbnailUrl\":\"https:\\\/\\\/laspezieriadellaseta.it\\\/wp-content\\\/uploads\\\/2025\\\/06\\\/fragranze_artistiche_percorso_olfattivo.png\",\"datePublished\":\"2025-06-25T08:38:23+00:00\",\"dateModified\":\"2026-02-24T16:53:52+00:00\",\"description\":\"Visitare Bologna significa vivere un\u2019esperienza autentica, in cui i vicoli sono custodi di storia e tradizione. Scoprila attraverso fragranze artistiche.\",\"breadcrumb\":{\"@id\":\"https:\\\/\\\/laspezieriadellaseta.it\\\/bologna-tra-storia-arte-e-fragranze-artistiche\\\/#breadcrumb\"},\"inLanguage\":\"en-GB\",\"potentialAction\":[{\"@type\":\"ReadAction\",\"target\":[\"https:\\\/\\\/laspezieriadellaseta.it\\\/bologna-tra-storia-arte-e-fragranze-artistiche\\\/\"]}]},{\"@type\":\"ImageObject\",\"inLanguage\":\"en-GB\",\"@id\":\"https:\\\/\\\/laspezieriadellaseta.it\\\/bologna-tra-storia-arte-e-fragranze-artistiche\\\/#primaryimage\",\"url\":\"https:\\\/\\\/laspezieriadellaseta.it\\\/wp-content\\\/uploads\\\/2025\\\/06\\\/fragranze_artistiche_percorso_olfattivo.png\",\"contentUrl\":\"https:\\\/\\\/laspezieriadellaseta.it\\\/wp-content\\\/uploads\\\/2025\\\/06\\\/fragranze_artistiche_percorso_olfattivo.png\",\"width\":2560,\"height\":1200,\"caption\":\"fragranze artistiche profumi di nicchia percorso olfattivo\"},{\"@type\":\"BreadcrumbList\",\"@id\":\"https:\\\/\\\/laspezieriadellaseta.it\\\/bologna-tra-storia-arte-e-fragranze-artistiche\\\/#breadcrumb\",\"itemListElement\":[{\"@type\":\"ListItem\",\"position\":1,\"name\":\"Home\",\"item\":\"https:\\\/\\\/laspezieriadellaseta.it\\\/\"},{\"@type\":\"ListItem\",\"position\":2,\"name\":\"Bologna tra storia, arte e fragranze artistiche\"}]},{\"@type\":\"WebSite\",\"@id\":\"https:\\\/\\\/laspezieriadellaseta.it\\\/#website\",\"url\":\"https:\\\/\\\/laspezieriadellaseta.it\\\/\",\"name\":\"La Spezieria della Seta - Profumi di nicchia\",\"description\":\"Profumi di nicchia per persona e ambiente\",\"publisher\":{\"@id\":\"https:\\\/\\\/laspezieriadellaseta.it\\\/#organization\"},\"alternateName\":\"La Spezieria della Seta - Profumi di nicchia\",\"potentialAction\":[{\"@type\":\"SearchAction\",\"target\":{\"@type\":\"EntryPoint\",\"urlTemplate\":\"https:\\\/\\\/laspezieriadellaseta.it\\\/?s={search_term_string}\"},\"query-input\":{\"@type\":\"PropertyValueSpecification\",\"valueRequired\":true,\"valueName\":\"search_term_string\"}}],\"inLanguage\":\"en-GB\"},{\"@type\":\"Organization\",\"@id\":\"https:\\\/\\\/laspezieriadellaseta.it\\\/#organization\",\"name\":\"La Spezieria della Seta\",\"url\":\"https:\\\/\\\/laspezieriadellaseta.it\\\/\",\"logo\":{\"@type\":\"ImageObject\",\"inLanguage\":\"en-GB\",\"@id\":\"https:\\\/\\\/laspezieriadellaseta.it\\\/#\\\/schema\\\/logo\\\/image\\\/\",\"url\":\"https:\\\/\\\/laspezieriadellaseta.it\\\/wp-content\\\/uploads\\\/2025\\\/03\\\/logo-la-spezieria-della-seta.png\",\"contentUrl\":\"https:\\\/\\\/laspezieriadellaseta.it\\\/wp-content\\\/uploads\\\/2025\\\/03\\\/logo-la-spezieria-della-seta.png\",\"width\":750,\"height\":750,\"caption\":\"La Spezieria della Seta\"},\"image\":{\"@id\":\"https:\\\/\\\/laspezieriadellaseta.it\\\/#\\\/schema\\\/logo\\\/image\\\/\"},\"sameAs\":[\"https:\\\/\\\/www.facebook.com\\\/profile.php?id=61573979611482\",\"https:\\\/\\\/www.instagram.com\\\/laspezieriadellaseta\",\"https:\\\/\\\/www.tiktok.com\\\/@laspezieriadellaseta\"]},{\"@type\":\"Person\",\"@id\":\"https:\\\/\\\/laspezieriadellaseta.it\\\/#\\\/schema\\\/person\\\/d9c2b9b60b9600d011163124c21ee15c\",\"name\":\"La Spezieria\",\"image\":{\"@type\":\"ImageObject\",\"inLanguage\":\"en-GB\",\"@id\":\"https:\\\/\\\/laspezieriadellaseta.it\\\/wp-content\\\/litespeed\\\/avatar\\\/e28e8026175ba4d42e1d4ad7958bed09.jpg?ver=1777543485\",\"url\":\"https:\\\/\\\/laspezieriadellaseta.it\\\/wp-content\\\/litespeed\\\/avatar\\\/e28e8026175ba4d42e1d4ad7958bed09.jpg?ver=1777543485\",\"contentUrl\":\"https:\\\/\\\/laspezieriadellaseta.it\\\/wp-content\\\/litespeed\\\/avatar\\\/e28e8026175ba4d42e1d4ad7958bed09.jpg?ver=1777543485\",\"caption\":\"La Spezieria\"},\"url\":\"https:\\\/\\\/laspezieriadellaseta.it\\\/en\\\/author\\\/laspezieriadellaseta\\\/\"}]}<\/script>\n<!-- \/ Yoast SEO plugin. -->","yoast_head_json":{"title":"Bologna tra storia, arte e fragranze artistiche - La Spezieria della Seta","description":"Visitare Bologna significa vivere un\u2019esperienza autentica, in cui i vicoli sono custodi di storia e tradizione. Scoprila attraverso fragranze artistiche.","robots":{"index":"index","follow":"follow","max-snippet":"max-snippet:-1","max-image-preview":"max-image-preview:large","max-video-preview":"max-video-preview:-1"},"canonical":"https:\/\/laspezieriadellaseta.it\/en\/bologna-tra-storia-arte-e-fragranze-artistiche\/","og_locale":"en_GB","og_type":"article","og_title":"Bologna tra storia, arte e fragranze artistiche - La Spezieria della Seta","og_description":"Visitare Bologna significa vivere un\u2019esperienza autentica, in cui i vicoli sono custodi di storia e tradizione. Scoprila attraverso fragranze artistiche.","og_url":"https:\/\/laspezieriadellaseta.it\/en\/bologna-tra-storia-arte-e-fragranze-artistiche\/","og_site_name":"La Spezieria della Seta","article_publisher":"https:\/\/www.facebook.com\/profile.php?id=61573979611482","article_published_time":"2025-06-25T08:38:23+00:00","article_modified_time":"2026-02-24T16:53:52+00:00","og_image":[{"width":2560,"height":1200,"url":"https:\/\/laspezieriadellaseta.it\/wp-content\/uploads\/2025\/06\/fragranze_artistiche_percorso_olfattivo.png","type":"image\/png"}],"author":"La Spezieria","twitter_card":"summary_large_image","twitter_misc":{"Written by":"La Spezieria","Estimated reading time":"6 minutes"},"schema":{"@context":"https:\/\/schema.org","@graph":[{"@type":"Article","@id":"https:\/\/laspezieriadellaseta.it\/bologna-tra-storia-arte-e-fragranze-artistiche\/#article","isPartOf":{"@id":"https:\/\/laspezieriadellaseta.it\/bologna-tra-storia-arte-e-fragranze-artistiche\/"},"author":{"name":"La Spezieria","@id":"https:\/\/laspezieriadellaseta.it\/#\/schema\/person\/d9c2b9b60b9600d011163124c21ee15c"},"headline":"Bologna tra storia, arte e fragranze artistiche","datePublished":"2025-06-25T08:38:23+00:00","dateModified":"2026-02-24T16:53:52+00:00","mainEntityOfPage":{"@id":"https:\/\/laspezieriadellaseta.it\/bologna-tra-storia-arte-e-fragranze-artistiche\/"},"wordCount":985,"commentCount":0,"publisher":{"@id":"https:\/\/laspezieriadellaseta.it\/#organization"},"image":{"@id":"https:\/\/laspezieriadellaseta.it\/bologna-tra-storia-arte-e-fragranze-artistiche\/#primaryimage"},"thumbnailUrl":"https:\/\/laspezieriadellaseta.it\/wp-content\/uploads\/2025\/06\/fragranze_artistiche_percorso_olfattivo.png","keywords":["famiglie olfattive","profumeria artistica","profumi artistici","profumi di nicchia"],"articleSection":["Magazine"],"inLanguage":"en-GB","potentialAction":[{"@type":"CommentAction","name":"Comment","target":["https:\/\/laspezieriadellaseta.it\/bologna-tra-storia-arte-e-fragranze-artistiche\/#respond"]}]},{"@type":"WebPage","@id":"https:\/\/laspezieriadellaseta.it\/bologna-tra-storia-arte-e-fragranze-artistiche\/","url":"https:\/\/laspezieriadellaseta.it\/bologna-tra-storia-arte-e-fragranze-artistiche\/","name":"Bologna tra storia, arte e fragranze artistiche - La Spezieria della Seta","isPartOf":{"@id":"https:\/\/laspezieriadellaseta.it\/#website"},"primaryImageOfPage":{"@id":"https:\/\/laspezieriadellaseta.it\/bologna-tra-storia-arte-e-fragranze-artistiche\/#primaryimage"},"image":{"@id":"https:\/\/laspezieriadellaseta.it\/bologna-tra-storia-arte-e-fragranze-artistiche\/#primaryimage"},"thumbnailUrl":"https:\/\/laspezieriadellaseta.it\/wp-content\/uploads\/2025\/06\/fragranze_artistiche_percorso_olfattivo.png","datePublished":"2025-06-25T08:38:23+00:00","dateModified":"2026-02-24T16:53:52+00:00","description":"Visitare Bologna significa vivere un\u2019esperienza autentica, in cui i vicoli sono custodi di storia e tradizione. Scoprila attraverso fragranze artistiche.","breadcrumb":{"@id":"https:\/\/laspezieriadellaseta.it\/bologna-tra-storia-arte-e-fragranze-artistiche\/#breadcrumb"},"inLanguage":"en-GB","potentialAction":[{"@type":"ReadAction","target":["https:\/\/laspezieriadellaseta.it\/bologna-tra-storia-arte-e-fragranze-artistiche\/"]}]},{"@type":"ImageObject","inLanguage":"en-GB","@id":"https:\/\/laspezieriadellaseta.it\/bologna-tra-storia-arte-e-fragranze-artistiche\/#primaryimage","url":"https:\/\/laspezieriadellaseta.it\/wp-content\/uploads\/2025\/06\/fragranze_artistiche_percorso_olfattivo.png","contentUrl":"https:\/\/laspezieriadellaseta.it\/wp-content\/uploads\/2025\/06\/fragranze_artistiche_percorso_olfattivo.png","width":2560,"height":1200,"caption":"fragranze artistiche profumi di nicchia percorso olfattivo"},{"@type":"BreadcrumbList","@id":"https:\/\/laspezieriadellaseta.it\/bologna-tra-storia-arte-e-fragranze-artistiche\/#breadcrumb","itemListElement":[{"@type":"ListItem","position":1,"name":"Home","item":"https:\/\/laspezieriadellaseta.it\/"},{"@type":"ListItem","position":2,"name":"Bologna tra storia, arte e fragranze artistiche"}]},{"@type":"WebSite","@id":"https:\/\/laspezieriadellaseta.it\/#website","url":"https:\/\/laspezieriadellaseta.it\/","name":"La Spezieria della Seta - Profumi di nicchia","description":"Profumi di nicchia per persona e ambiente","publisher":{"@id":"https:\/\/laspezieriadellaseta.it\/#organization"},"alternateName":"La Spezieria della Seta - Profumi di nicchia","potentialAction":[{"@type":"SearchAction","target":{"@type":"EntryPoint","urlTemplate":"https:\/\/laspezieriadellaseta.it\/?s={search_term_string}"},"query-input":{"@type":"PropertyValueSpecification","valueRequired":true,"valueName":"search_term_string"}}],"inLanguage":"en-GB"},{"@type":"Organization","@id":"https:\/\/laspezieriadellaseta.it\/#organization","name":"La Spezieria della Seta","url":"https:\/\/laspezieriadellaseta.it\/","logo":{"@type":"ImageObject","inLanguage":"en-GB","@id":"https:\/\/laspezieriadellaseta.it\/#\/schema\/logo\/image\/","url":"https:\/\/laspezieriadellaseta.it\/wp-content\/uploads\/2025\/03\/logo-la-spezieria-della-seta.png","contentUrl":"https:\/\/laspezieriadellaseta.it\/wp-content\/uploads\/2025\/03\/logo-la-spezieria-della-seta.png","width":750,"height":750,"caption":"La Spezieria della Seta"},"image":{"@id":"https:\/\/laspezieriadellaseta.it\/#\/schema\/logo\/image\/"},"sameAs":["https:\/\/www.facebook.com\/profile.php?id=61573979611482","https:\/\/www.instagram.com\/laspezieriadellaseta","https:\/\/www.tiktok.com\/@laspezieriadellaseta"]},{"@type":"Person","@id":"https:\/\/laspezieriadellaseta.it\/#\/schema\/person\/d9c2b9b60b9600d011163124c21ee15c","name":"La Spezieria","image":{"@type":"ImageObject","inLanguage":"en-GB","@id":"https:\/\/laspezieriadellaseta.it\/wp-content\/litespeed\/avatar\/e28e8026175ba4d42e1d4ad7958bed09.jpg?ver=1777543485","url":"https:\/\/laspezieriadellaseta.it\/wp-content\/litespeed\/avatar\/e28e8026175ba4d42e1d4ad7958bed09.jpg?ver=1777543485","contentUrl":"https:\/\/laspezieriadellaseta.it\/wp-content\/litespeed\/avatar\/e28e8026175ba4d42e1d4ad7958bed09.jpg?ver=1777543485","caption":"La Spezieria"},"url":"https:\/\/laspezieriadellaseta.it\/en\/author\/laspezieriadellaseta\/"}]}},"_links":{"self":[{"href":"https:\/\/laspezieriadellaseta.it\/en\/wp-json\/wp\/v2\/posts\/1131","targetHints":{"allow":["GET"]}}],"collection":[{"href":"https:\/\/laspezieriadellaseta.it\/en\/wp-json\/wp\/v2\/posts"}],"about":[{"href":"https:\/\/laspezieriadellaseta.it\/en\/wp-json\/wp\/v2\/types\/post"}],"author":[{"embeddable":true,"href":"https:\/\/laspezieriadellaseta.it\/en\/wp-json\/wp\/v2\/users\/2"}],"replies":[{"embeddable":true,"href":"https:\/\/laspezieriadellaseta.it\/en\/wp-json\/wp\/v2\/comments?post=1131"}],"version-history":[{"count":1,"href":"https:\/\/laspezieriadellaseta.it\/en\/wp-json\/wp\/v2\/posts\/1131\/revisions"}],"predecessor-version":[{"id":1132,"href":"https:\/\/laspezieriadellaseta.it\/en\/wp-json\/wp\/v2\/posts\/1131\/revisions\/1132"}],"wp:featuredmedia":[{"embeddable":true,"href":"https:\/\/laspezieriadellaseta.it\/en\/wp-json\/wp\/v2\/media\/1134"}],"wp:attachment":[{"href":"https:\/\/laspezieriadellaseta.it\/en\/wp-json\/wp\/v2\/media?parent=1131"}],"wp:term":[{"taxonomy":"category","embeddable":true,"href":"https:\/\/laspezieriadellaseta.it\/en\/wp-json\/wp\/v2\/categories?post=1131"},{"taxonomy":"post_tag","embeddable":true,"href":"https:\/\/laspezieriadellaseta.it\/en\/wp-json\/wp\/v2\/tags?post=1131"}],"curies":[{"name":"wp","href":"https:\/\/api.w.org\/{rel}","templated":true}]}}