{"id":1146,"date":"2025-10-17T17:20:21","date_gmt":"2025-10-17T15:20:21","guid":{"rendered":"https:\/\/laspezieriadellaseta.it\/?p=1146"},"modified":"2026-02-24T17:53:47","modified_gmt":"2026-02-24T16:53:47","slug":"spezieria-della-seta-profumeria-artistica-museo-industria-bologna","status":"publish","type":"post","link":"https:\/\/laspezieriadellaseta.it\/en\/spezieria-della-seta-profumeria-artistica-museo-industria-bologna\/","title":{"rendered":"Un viaggio tra storia e profumi di nicchia: \u00a0La Spezieria della Seta incanta bologna\u00a0"},"content":{"rendered":"<p>In una sera d\u2019autunno, Bologna ha accolto La Spezieria della Seta in una narrazione olfattiva e storica che ha intrecciato il passato della citt\u00e0 con il presente dei profumi artistici. La Spezieria della Seta ha realizzato un evento esclusivo per far vivere ai propri ospiti un\u2019esperienza unica: una soave immersione nella profumeria artistica tra le trame antiche della storia bolognese, in una cornice simbolica ed evocativa come il Museo del Patrimonio Industriale.<\/p>\n\n\n\n<p>L\u2019evento, nato per celebrare l\u2019identit\u00e0 del brand e la sua profonda connessione con il territorio, si \u00e8 trasformato in una vera e propria narrazione multisensoriale, dove passato e presente si sono intrecciati in una perfetta armonia.<\/p>\n\n\n<style>.kb-image1146_b8a4af-93 .kb-image-has-overlay:after{opacity:0.3;border-top-left-radius:10px;border-top-right-radius:10px;border-bottom-right-radius:10px;border-bottom-left-radius:10px;}.kb-image1146_b8a4af-93 img.kb-img, .kb-image1146_b8a4af-93 .kb-img img{border-top-left-radius:10px;border-top-right-radius:10px;border-bottom-right-radius:10px;border-bottom-left-radius:10px;}<\/style>\n<figure class=\"wp-block-kadence-image kb-image1146_b8a4af-93 size-full\"><img decoding=\"async\" width=\"2560\" height=\"1200\" src=\"https:\/\/laspezieriadellaseta.it\/wp-content\/uploads\/2025\/10\/profumi-la-spezieria-della-seta-museo-industria-bologna.png\" alt=\"postazioni olfattive per la scoperta delle fragranze artistiche La Spezieria della Seta presso Museo del Patrimonio Industriale\" class=\"kb-img wp-image-1150\" srcset=\"https:\/\/laspezieriadellaseta.it\/wp-content\/uploads\/2025\/10\/profumi-la-spezieria-della-seta-museo-industria-bologna.png 2560w, https:\/\/laspezieriadellaseta.it\/wp-content\/uploads\/2025\/10\/profumi-la-spezieria-della-seta-museo-industria-bologna-300x141.png 300w, https:\/\/laspezieriadellaseta.it\/wp-content\/uploads\/2025\/10\/profumi-la-spezieria-della-seta-museo-industria-bologna-1024x480.png 1024w, https:\/\/laspezieriadellaseta.it\/wp-content\/uploads\/2025\/10\/profumi-la-spezieria-della-seta-museo-industria-bologna-768x360.png 768w, https:\/\/laspezieriadellaseta.it\/wp-content\/uploads\/2025\/10\/profumi-la-spezieria-della-seta-museo-industria-bologna-1536x720.png 1536w, https:\/\/laspezieriadellaseta.it\/wp-content\/uploads\/2025\/10\/profumi-la-spezieria-della-seta-museo-industria-bologna-2048x960.png 2048w, https:\/\/laspezieriadellaseta.it\/wp-content\/uploads\/2025\/10\/profumi-la-spezieria-della-seta-museo-industria-bologna-18x8.png 18w, https:\/\/laspezieriadellaseta.it\/wp-content\/uploads\/2025\/10\/profumi-la-spezieria-della-seta-museo-industria-bologna-150x70.png 150w, https:\/\/laspezieriadellaseta.it\/wp-content\/uploads\/2025\/10\/profumi-la-spezieria-della-seta-museo-industria-bologna-600x281.png 600w, https:\/\/laspezieriadellaseta.it\/wp-content\/uploads\/2025\/10\/profumi-la-spezieria-della-seta-museo-industria-bologna-900x422.png 900w\" sizes=\"(max-width: 2560px) 100vw, 2560px\" \/><\/figure>\n\n\n\n<h2 class=\"wp-block-heading\">Un luogo simbolico: il museo come scelta di valore<\/h2>\n\n\n\n<div class=\"wp-block-media-text is-stacked-on-mobile is-vertically-aligned-top\" style=\"grid-template-columns:30% auto\"><figure class=\"wp-block-media-text__media\"><video controls src=\"https:\/\/laspezieriadellaseta.it\/wp-content\/uploads\/2025\/10\/la-spezieria-video-museo-bologna.mp4\"><\/video><\/figure><div class=\"wp-block-media-text__content\">\n<p>Gli invitati sono stati accolti tra le mura del Museo del Patrimonio Industriale, edificio che ancora oggi custodisce le tracce dell\u2019operosit\u00e0 bolognese. La scelta di questo luogo non \u00e8 stata casule, il Museo \u00e8, infatti, custode della storia manifatturiera della citt\u00e0 di Bologna. In particolare, al suo interno \u00e8 anche racchiusa la secolare storia della produzione della seta, un filo che ha legato Bologna ai pi\u00f9 grandi mercarti d\u2019Europa.<\/p>\n\n\n\n<p>Scegliere questo luogo ha significato per La Spezieria della Seta ribadire il proprio attaccamento alla citt\u00e0 di Bologna, alle sue radici e al valore della memoria come fonte di ispirazione per la realizzazione dei profumi di nicchia.<\/p>\n\n\n\n<p>L\u2019accoglienza \u00e8 stata calda e curata in ogni dettaglio: luci soffuse, profumi accuratamente disposti ed elementi evocativi per creare un\u2019atmosfera intima ed avvolgente.<\/p>\n<\/div><\/div>\n\n\n\n<h2 class=\"wp-block-heading\">Un percorso sensoriale tra le fragranze artistiche<\/h2>\n\n\n\n<p>Cuore pulsante della serata, le postazioni olfattive appositamente create per condurre gli ospiti alla scoperta delle fragranze della Spezieria della Seta. Gli ospiti sono stati guidati con maestria e sensorialit\u00e0 alla scoperta dei profumi.<br>Agli invitati \u00e8 stata regalata un\u2019esperienza coinvolgente: hanno annusato, ascoltato e vagato con la mente, lasciandosi trasportare in una dimensione guidata solo dai sensi.<\/p>\n\n\n\n<p>\u00c8 stato un incontro unico, in cui storia e sensi si sono fusi in un\u2019unica armonia, come se passato e presente si fossero uniti in unico respiro.<\/p>\n\n\n\n<h2 class=\"wp-block-heading\">Le trame di Bologna: la visita guidata dal vivo<\/h2>\n\n\n\n<p>La serata si \u00e8 arricchita con un momento di grande valore culturale: una visita guidata al Museo che ha permesso agli invitati di ripercorrere la straordinaria storia della produzione della seta a Bologna. Conducendo un viaggio tra i corridoi e le stanze del museo si \u00e8 delineata la sorprendente storia di una citt\u00e0 che ha saputo coniugare ingegno, arte e artigianato.<\/p>\n\n\n\n<p>Il cuore pulsante? L\u2019acqua.<\/p>\n\n\n\n<p>La guida ha accompagnato i presenti lungo un racconto appassionante che ha messo in luce come Bologna sia diventata un\u2019eccellenza nella produzione della seta proprio grazie ad una ricca rete di canali. I diversi condotti alimentavano l\u2019energia per il funzionamento di macchine e telai, rendendo cos\u00ec possibile una produzione intensiva e di alta qualit\u00e0.<\/p>\n\n\n\n<p>Durante la visita guidata, Bologna non era pi\u00f9 solo la cornice dell\u2019evento ma la sua vera protagonista.<\/p>\n\n\n\n<h2 class=\"wp-block-heading\">Il profumo come racconto del territorio<\/h2>\n\n\n\n<p>L\u2019evento ha confermato la filosofia de La Spezieria della Seta: ogni fragranza nasce da un intimo dialogo con il territorio, la sua storia, i suoi mestieri e le sue origini, per non dimenticare. I profumi di nicchia de La Spezieria della Seta hanno dato voce ad una citt\u00e0 che ha saputo fare dell\u2019arte e della bellezza uno dei suoi punti di forza.<\/p>\n\n\n\n<p>L\u2019aspetto pi\u00f9 potente emerso durante la serata: La Spezieria della Seta non si limita a produrre profumi ma agisce come un custode della memoria collettiva. Ogni profumo racchiude un gesto di cura, un ascolto verso la citt\u00e0, una raffinata narrazione che passa non solo attraverso il naso ma anche attraverso la conoscenza, l\u2019identit\u00e0 e il senso di appartenenza.<\/p>\n\n\n\n<p>In un tempo dominato dalla velocit\u00e0, l\u2019evento ha proposto un ritmo diverso: lento, profondo e immerso nella memoria. L&#8217;esperienza ha ricordato che la bellezza e la raffinatezza affondano le radici nella materia e nella storia autentica. E per regalare questa esperienza, la Spezieria della Seta ha offerto una prospettiva diversa sul ruolo della profumeria artistica: un linguaggio culturale e poetico oltre che un gesto civile.<\/p>","protected":false},"excerpt":{"rendered":"<p>In una sera d\u2019autunno, Bologna ha accolto La Spezieria della Seta in una narrazione olfattiva e storica che ha intrecciato il passato della citt\u00e0 con il presente dei profumi artistici. La Spezieria della Seta ha realizzato un evento esclusivo per far vivere ai propri ospiti un\u2019esperienza unica: una soave immersione [&hellip;]<\/p>\n","protected":false},"author":2,"featured_media":1150,"comment_status":"open","ping_status":"open","sticky":false,"template":"","format":"standard","meta":{"footnotes":""},"categories":[1],"tags":[129,130,128],"class_list":["post-1146","post","type-post","status-publish","format-standard","has-post-thumbnail","hentry","category-magazine","tag-profumeria-artistica","tag-profumi-artistici","tag-profumi-di-nicchia"],"yoast_head":"<!-- This site is optimized with the Yoast SEO plugin v27.4 - https:\/\/yoast.com\/product\/yoast-seo-wordpress\/ -->\n<title>La Spezieria della Seta al Museo del Patrimonio Industriale a Bologna<\/title>\n<meta name=\"description\" content=\"Evento esclusivo a Bologna: La Spezieria della Seta racconta i profumi di nicchia con un percorso sensoriale al Museo del Patrimonio Industriale, tra storia e territorio.\" \/>\n<meta name=\"robots\" content=\"index, follow, max-snippet:-1, max-image-preview:large, max-video-preview:-1\" \/>\n<link rel=\"canonical\" href=\"https:\/\/laspezieriadellaseta.it\/en\/spezieria-della-seta-profumeria-artistica-museo-industria-bologna\/\" \/>\n<meta property=\"og:locale\" content=\"en_GB\" \/>\n<meta property=\"og:type\" content=\"article\" \/>\n<meta property=\"og:title\" content=\"La Spezieria della Seta al Museo del Patrimonio Industriale a Bologna\" \/>\n<meta property=\"og:description\" content=\"Evento esclusivo a Bologna: La Spezieria della Seta racconta i profumi di nicchia con un percorso sensoriale al Museo del Patrimonio Industriale, tra storia e territorio.\" \/>\n<meta property=\"og:url\" content=\"https:\/\/laspezieriadellaseta.it\/en\/spezieria-della-seta-profumeria-artistica-museo-industria-bologna\/\" \/>\n<meta property=\"og:site_name\" content=\"La Spezieria della Seta\" \/>\n<meta property=\"article:publisher\" content=\"https:\/\/www.facebook.com\/profile.php?id=61573979611482\" \/>\n<meta property=\"article:published_time\" content=\"2025-10-17T15:20:21+00:00\" \/>\n<meta property=\"article:modified_time\" content=\"2026-02-24T16:53:47+00:00\" \/>\n<meta property=\"og:image\" content=\"https:\/\/laspezieriadellaseta.it\/wp-content\/uploads\/2025\/10\/profumi-la-spezieria-della-seta-museo-industria-bologna-1024x480.png\" \/>\n\t<meta property=\"og:image:width\" content=\"1024\" \/>\n\t<meta property=\"og:image:height\" content=\"480\" \/>\n\t<meta property=\"og:image:type\" content=\"image\/png\" \/>\n<meta name=\"author\" content=\"La Spezieria\" \/>\n<meta name=\"twitter:card\" content=\"summary_large_image\" \/>\n<meta name=\"twitter:label1\" content=\"Written by\" \/>\n\t<meta name=\"twitter:data1\" content=\"La Spezieria\" \/>\n\t<meta name=\"twitter:label2\" content=\"Estimated reading time\" \/>\n\t<meta name=\"twitter:data2\" content=\"4 minutes\" \/>\n<script type=\"application\/ld+json\" class=\"yoast-schema-graph\">{\"@context\":\"https:\\\/\\\/schema.org\",\"@graph\":[{\"@type\":\"Article\",\"@id\":\"https:\\\/\\\/laspezieriadellaseta.it\\\/spezieria-della-seta-profumeria-artistica-museo-industria-bologna\\\/#article\",\"isPartOf\":{\"@id\":\"https:\\\/\\\/laspezieriadellaseta.it\\\/spezieria-della-seta-profumeria-artistica-museo-industria-bologna\\\/\"},\"author\":{\"name\":\"La Spezieria\",\"@id\":\"https:\\\/\\\/laspezieriadellaseta.it\\\/#\\\/schema\\\/person\\\/d9c2b9b60b9600d011163124c21ee15c\"},\"headline\":\"Un viaggio tra storia e profumi di nicchia: \u00a0La Spezieria della Seta incanta bologna\u00a0\",\"datePublished\":\"2025-10-17T15:20:21+00:00\",\"dateModified\":\"2026-02-24T16:53:47+00:00\",\"mainEntityOfPage\":{\"@id\":\"https:\\\/\\\/laspezieriadellaseta.it\\\/spezieria-della-seta-profumeria-artistica-museo-industria-bologna\\\/\"},\"wordCount\":699,\"commentCount\":0,\"publisher\":{\"@id\":\"https:\\\/\\\/laspezieriadellaseta.it\\\/#organization\"},\"image\":{\"@id\":\"https:\\\/\\\/laspezieriadellaseta.it\\\/spezieria-della-seta-profumeria-artistica-museo-industria-bologna\\\/#primaryimage\"},\"thumbnailUrl\":\"https:\\\/\\\/laspezieriadellaseta.it\\\/wp-content\\\/uploads\\\/2025\\\/10\\\/profumi-la-spezieria-della-seta-museo-industria-bologna.png\",\"keywords\":[\"profumeria artistica\",\"profumi artistici\",\"profumi di nicchia\"],\"articleSection\":[\"Magazine\"],\"inLanguage\":\"en-GB\",\"potentialAction\":[{\"@type\":\"CommentAction\",\"name\":\"Comment\",\"target\":[\"https:\\\/\\\/laspezieriadellaseta.it\\\/spezieria-della-seta-profumeria-artistica-museo-industria-bologna\\\/#respond\"]}]},{\"@type\":\"WebPage\",\"@id\":\"https:\\\/\\\/laspezieriadellaseta.it\\\/spezieria-della-seta-profumeria-artistica-museo-industria-bologna\\\/\",\"url\":\"https:\\\/\\\/laspezieriadellaseta.it\\\/spezieria-della-seta-profumeria-artistica-museo-industria-bologna\\\/\",\"name\":\"La Spezieria della Seta al Museo del Patrimonio Industriale a Bologna\",\"isPartOf\":{\"@id\":\"https:\\\/\\\/laspezieriadellaseta.it\\\/#website\"},\"primaryImageOfPage\":{\"@id\":\"https:\\\/\\\/laspezieriadellaseta.it\\\/spezieria-della-seta-profumeria-artistica-museo-industria-bologna\\\/#primaryimage\"},\"image\":{\"@id\":\"https:\\\/\\\/laspezieriadellaseta.it\\\/spezieria-della-seta-profumeria-artistica-museo-industria-bologna\\\/#primaryimage\"},\"thumbnailUrl\":\"https:\\\/\\\/laspezieriadellaseta.it\\\/wp-content\\\/uploads\\\/2025\\\/10\\\/profumi-la-spezieria-della-seta-museo-industria-bologna.png\",\"datePublished\":\"2025-10-17T15:20:21+00:00\",\"dateModified\":\"2026-02-24T16:53:47+00:00\",\"description\":\"Evento esclusivo a Bologna: La Spezieria della Seta racconta i profumi di nicchia con un percorso sensoriale al Museo del Patrimonio Industriale, tra storia e territorio.\",\"breadcrumb\":{\"@id\":\"https:\\\/\\\/laspezieriadellaseta.it\\\/spezieria-della-seta-profumeria-artistica-museo-industria-bologna\\\/#breadcrumb\"},\"inLanguage\":\"en-GB\",\"potentialAction\":[{\"@type\":\"ReadAction\",\"target\":[\"https:\\\/\\\/laspezieriadellaseta.it\\\/spezieria-della-seta-profumeria-artistica-museo-industria-bologna\\\/\"]}]},{\"@type\":\"ImageObject\",\"inLanguage\":\"en-GB\",\"@id\":\"https:\\\/\\\/laspezieriadellaseta.it\\\/spezieria-della-seta-profumeria-artistica-museo-industria-bologna\\\/#primaryimage\",\"url\":\"https:\\\/\\\/laspezieriadellaseta.it\\\/wp-content\\\/uploads\\\/2025\\\/10\\\/profumi-la-spezieria-della-seta-museo-industria-bologna.png\",\"contentUrl\":\"https:\\\/\\\/laspezieriadellaseta.it\\\/wp-content\\\/uploads\\\/2025\\\/10\\\/profumi-la-spezieria-della-seta-museo-industria-bologna.png\",\"width\":2560,\"height\":1200,\"caption\":\"postazioni olfattive per la scoperta delle fragranze artistiche La Spezieria della Seta presso Museo del Patrimonio Industriale\"},{\"@type\":\"BreadcrumbList\",\"@id\":\"https:\\\/\\\/laspezieriadellaseta.it\\\/spezieria-della-seta-profumeria-artistica-museo-industria-bologna\\\/#breadcrumb\",\"itemListElement\":[{\"@type\":\"ListItem\",\"position\":1,\"name\":\"Home\",\"item\":\"https:\\\/\\\/laspezieriadellaseta.it\\\/\"},{\"@type\":\"ListItem\",\"position\":2,\"name\":\"Un viaggio tra storia e profumi di nicchia: \u00a0La Spezieria della Seta incanta bologna\u00a0\"}]},{\"@type\":\"WebSite\",\"@id\":\"https:\\\/\\\/laspezieriadellaseta.it\\\/#website\",\"url\":\"https:\\\/\\\/laspezieriadellaseta.it\\\/\",\"name\":\"La Spezieria della Seta - Profumi di nicchia\",\"description\":\"Profumi di nicchia per persona e ambiente\",\"publisher\":{\"@id\":\"https:\\\/\\\/laspezieriadellaseta.it\\\/#organization\"},\"alternateName\":\"La Spezieria della Seta - Profumi di nicchia\",\"potentialAction\":[{\"@type\":\"SearchAction\",\"target\":{\"@type\":\"EntryPoint\",\"urlTemplate\":\"https:\\\/\\\/laspezieriadellaseta.it\\\/?s={search_term_string}\"},\"query-input\":{\"@type\":\"PropertyValueSpecification\",\"valueRequired\":true,\"valueName\":\"search_term_string\"}}],\"inLanguage\":\"en-GB\"},{\"@type\":\"Organization\",\"@id\":\"https:\\\/\\\/laspezieriadellaseta.it\\\/#organization\",\"name\":\"La Spezieria della Seta\",\"url\":\"https:\\\/\\\/laspezieriadellaseta.it\\\/\",\"logo\":{\"@type\":\"ImageObject\",\"inLanguage\":\"en-GB\",\"@id\":\"https:\\\/\\\/laspezieriadellaseta.it\\\/#\\\/schema\\\/logo\\\/image\\\/\",\"url\":\"https:\\\/\\\/laspezieriadellaseta.it\\\/wp-content\\\/uploads\\\/2025\\\/03\\\/logo-la-spezieria-della-seta.png\",\"contentUrl\":\"https:\\\/\\\/laspezieriadellaseta.it\\\/wp-content\\\/uploads\\\/2025\\\/03\\\/logo-la-spezieria-della-seta.png\",\"width\":750,\"height\":750,\"caption\":\"La Spezieria della Seta\"},\"image\":{\"@id\":\"https:\\\/\\\/laspezieriadellaseta.it\\\/#\\\/schema\\\/logo\\\/image\\\/\"},\"sameAs\":[\"https:\\\/\\\/www.facebook.com\\\/profile.php?id=61573979611482\",\"https:\\\/\\\/www.instagram.com\\\/laspezieriadellaseta\",\"https:\\\/\\\/www.tiktok.com\\\/@laspezieriadellaseta\"]},{\"@type\":\"Person\",\"@id\":\"https:\\\/\\\/laspezieriadellaseta.it\\\/#\\\/schema\\\/person\\\/d9c2b9b60b9600d011163124c21ee15c\",\"name\":\"La Spezieria\",\"image\":{\"@type\":\"ImageObject\",\"inLanguage\":\"en-GB\",\"@id\":\"https:\\\/\\\/laspezieriadellaseta.it\\\/wp-content\\\/litespeed\\\/avatar\\\/e28e8026175ba4d42e1d4ad7958bed09.jpg?ver=1777543485\",\"url\":\"https:\\\/\\\/laspezieriadellaseta.it\\\/wp-content\\\/litespeed\\\/avatar\\\/e28e8026175ba4d42e1d4ad7958bed09.jpg?ver=1777543485\",\"contentUrl\":\"https:\\\/\\\/laspezieriadellaseta.it\\\/wp-content\\\/litespeed\\\/avatar\\\/e28e8026175ba4d42e1d4ad7958bed09.jpg?ver=1777543485\",\"caption\":\"La Spezieria\"},\"url\":\"https:\\\/\\\/laspezieriadellaseta.it\\\/en\\\/author\\\/laspezieriadellaseta\\\/\"}]}<\/script>\n<!-- \/ Yoast SEO plugin. -->","yoast_head_json":{"title":"La Spezieria della Seta al Museo del Patrimonio Industriale a Bologna","description":"Evento esclusivo a Bologna: La Spezieria della Seta racconta i profumi di nicchia con un percorso sensoriale al Museo del Patrimonio Industriale, tra storia e territorio.","robots":{"index":"index","follow":"follow","max-snippet":"max-snippet:-1","max-image-preview":"max-image-preview:large","max-video-preview":"max-video-preview:-1"},"canonical":"https:\/\/laspezieriadellaseta.it\/en\/spezieria-della-seta-profumeria-artistica-museo-industria-bologna\/","og_locale":"en_GB","og_type":"article","og_title":"La Spezieria della Seta al Museo del Patrimonio Industriale a Bologna","og_description":"Evento esclusivo a Bologna: La Spezieria della Seta racconta i profumi di nicchia con un percorso sensoriale al Museo del Patrimonio Industriale, tra storia e territorio.","og_url":"https:\/\/laspezieriadellaseta.it\/en\/spezieria-della-seta-profumeria-artistica-museo-industria-bologna\/","og_site_name":"La Spezieria della Seta","article_publisher":"https:\/\/www.facebook.com\/profile.php?id=61573979611482","article_published_time":"2025-10-17T15:20:21+00:00","article_modified_time":"2026-02-24T16:53:47+00:00","og_image":[{"width":1024,"height":480,"url":"https:\/\/laspezieriadellaseta.it\/wp-content\/uploads\/2025\/10\/profumi-la-spezieria-della-seta-museo-industria-bologna-1024x480.png","type":"image\/png"}],"author":"La Spezieria","twitter_card":"summary_large_image","twitter_misc":{"Written by":"La Spezieria","Estimated reading time":"4 minutes"},"schema":{"@context":"https:\/\/schema.org","@graph":[{"@type":"Article","@id":"https:\/\/laspezieriadellaseta.it\/spezieria-della-seta-profumeria-artistica-museo-industria-bologna\/#article","isPartOf":{"@id":"https:\/\/laspezieriadellaseta.it\/spezieria-della-seta-profumeria-artistica-museo-industria-bologna\/"},"author":{"name":"La Spezieria","@id":"https:\/\/laspezieriadellaseta.it\/#\/schema\/person\/d9c2b9b60b9600d011163124c21ee15c"},"headline":"Un viaggio tra storia e profumi di nicchia: \u00a0La Spezieria della Seta incanta bologna\u00a0","datePublished":"2025-10-17T15:20:21+00:00","dateModified":"2026-02-24T16:53:47+00:00","mainEntityOfPage":{"@id":"https:\/\/laspezieriadellaseta.it\/spezieria-della-seta-profumeria-artistica-museo-industria-bologna\/"},"wordCount":699,"commentCount":0,"publisher":{"@id":"https:\/\/laspezieriadellaseta.it\/#organization"},"image":{"@id":"https:\/\/laspezieriadellaseta.it\/spezieria-della-seta-profumeria-artistica-museo-industria-bologna\/#primaryimage"},"thumbnailUrl":"https:\/\/laspezieriadellaseta.it\/wp-content\/uploads\/2025\/10\/profumi-la-spezieria-della-seta-museo-industria-bologna.png","keywords":["profumeria artistica","profumi artistici","profumi di nicchia"],"articleSection":["Magazine"],"inLanguage":"en-GB","potentialAction":[{"@type":"CommentAction","name":"Comment","target":["https:\/\/laspezieriadellaseta.it\/spezieria-della-seta-profumeria-artistica-museo-industria-bologna\/#respond"]}]},{"@type":"WebPage","@id":"https:\/\/laspezieriadellaseta.it\/spezieria-della-seta-profumeria-artistica-museo-industria-bologna\/","url":"https:\/\/laspezieriadellaseta.it\/spezieria-della-seta-profumeria-artistica-museo-industria-bologna\/","name":"La Spezieria della Seta al Museo del Patrimonio Industriale a Bologna","isPartOf":{"@id":"https:\/\/laspezieriadellaseta.it\/#website"},"primaryImageOfPage":{"@id":"https:\/\/laspezieriadellaseta.it\/spezieria-della-seta-profumeria-artistica-museo-industria-bologna\/#primaryimage"},"image":{"@id":"https:\/\/laspezieriadellaseta.it\/spezieria-della-seta-profumeria-artistica-museo-industria-bologna\/#primaryimage"},"thumbnailUrl":"https:\/\/laspezieriadellaseta.it\/wp-content\/uploads\/2025\/10\/profumi-la-spezieria-della-seta-museo-industria-bologna.png","datePublished":"2025-10-17T15:20:21+00:00","dateModified":"2026-02-24T16:53:47+00:00","description":"Evento esclusivo a Bologna: La Spezieria della Seta racconta i profumi di nicchia con un percorso sensoriale al Museo del Patrimonio Industriale, tra storia e territorio.","breadcrumb":{"@id":"https:\/\/laspezieriadellaseta.it\/spezieria-della-seta-profumeria-artistica-museo-industria-bologna\/#breadcrumb"},"inLanguage":"en-GB","potentialAction":[{"@type":"ReadAction","target":["https:\/\/laspezieriadellaseta.it\/spezieria-della-seta-profumeria-artistica-museo-industria-bologna\/"]}]},{"@type":"ImageObject","inLanguage":"en-GB","@id":"https:\/\/laspezieriadellaseta.it\/spezieria-della-seta-profumeria-artistica-museo-industria-bologna\/#primaryimage","url":"https:\/\/laspezieriadellaseta.it\/wp-content\/uploads\/2025\/10\/profumi-la-spezieria-della-seta-museo-industria-bologna.png","contentUrl":"https:\/\/laspezieriadellaseta.it\/wp-content\/uploads\/2025\/10\/profumi-la-spezieria-della-seta-museo-industria-bologna.png","width":2560,"height":1200,"caption":"postazioni olfattive per la scoperta delle fragranze artistiche La Spezieria della Seta presso Museo del Patrimonio Industriale"},{"@type":"BreadcrumbList","@id":"https:\/\/laspezieriadellaseta.it\/spezieria-della-seta-profumeria-artistica-museo-industria-bologna\/#breadcrumb","itemListElement":[{"@type":"ListItem","position":1,"name":"Home","item":"https:\/\/laspezieriadellaseta.it\/"},{"@type":"ListItem","position":2,"name":"Un viaggio tra storia e profumi di nicchia: \u00a0La Spezieria della Seta incanta bologna\u00a0"}]},{"@type":"WebSite","@id":"https:\/\/laspezieriadellaseta.it\/#website","url":"https:\/\/laspezieriadellaseta.it\/","name":"La Spezieria della Seta - Profumi di nicchia","description":"Profumi di nicchia per persona e ambiente","publisher":{"@id":"https:\/\/laspezieriadellaseta.it\/#organization"},"alternateName":"La Spezieria della Seta - Profumi di nicchia","potentialAction":[{"@type":"SearchAction","target":{"@type":"EntryPoint","urlTemplate":"https:\/\/laspezieriadellaseta.it\/?s={search_term_string}"},"query-input":{"@type":"PropertyValueSpecification","valueRequired":true,"valueName":"search_term_string"}}],"inLanguage":"en-GB"},{"@type":"Organization","@id":"https:\/\/laspezieriadellaseta.it\/#organization","name":"La Spezieria della Seta","url":"https:\/\/laspezieriadellaseta.it\/","logo":{"@type":"ImageObject","inLanguage":"en-GB","@id":"https:\/\/laspezieriadellaseta.it\/#\/schema\/logo\/image\/","url":"https:\/\/laspezieriadellaseta.it\/wp-content\/uploads\/2025\/03\/logo-la-spezieria-della-seta.png","contentUrl":"https:\/\/laspezieriadellaseta.it\/wp-content\/uploads\/2025\/03\/logo-la-spezieria-della-seta.png","width":750,"height":750,"caption":"La Spezieria della Seta"},"image":{"@id":"https:\/\/laspezieriadellaseta.it\/#\/schema\/logo\/image\/"},"sameAs":["https:\/\/www.facebook.com\/profile.php?id=61573979611482","https:\/\/www.instagram.com\/laspezieriadellaseta","https:\/\/www.tiktok.com\/@laspezieriadellaseta"]},{"@type":"Person","@id":"https:\/\/laspezieriadellaseta.it\/#\/schema\/person\/d9c2b9b60b9600d011163124c21ee15c","name":"La Spezieria","image":{"@type":"ImageObject","inLanguage":"en-GB","@id":"https:\/\/laspezieriadellaseta.it\/wp-content\/litespeed\/avatar\/e28e8026175ba4d42e1d4ad7958bed09.jpg?ver=1777543485","url":"https:\/\/laspezieriadellaseta.it\/wp-content\/litespeed\/avatar\/e28e8026175ba4d42e1d4ad7958bed09.jpg?ver=1777543485","contentUrl":"https:\/\/laspezieriadellaseta.it\/wp-content\/litespeed\/avatar\/e28e8026175ba4d42e1d4ad7958bed09.jpg?ver=1777543485","caption":"La Spezieria"},"url":"https:\/\/laspezieriadellaseta.it\/en\/author\/laspezieriadellaseta\/"}]}},"_links":{"self":[{"href":"https:\/\/laspezieriadellaseta.it\/en\/wp-json\/wp\/v2\/posts\/1146","targetHints":{"allow":["GET"]}}],"collection":[{"href":"https:\/\/laspezieriadellaseta.it\/en\/wp-json\/wp\/v2\/posts"}],"about":[{"href":"https:\/\/laspezieriadellaseta.it\/en\/wp-json\/wp\/v2\/types\/post"}],"author":[{"embeddable":true,"href":"https:\/\/laspezieriadellaseta.it\/en\/wp-json\/wp\/v2\/users\/2"}],"replies":[{"embeddable":true,"href":"https:\/\/laspezieriadellaseta.it\/en\/wp-json\/wp\/v2\/comments?post=1146"}],"version-history":[{"count":8,"href":"https:\/\/laspezieriadellaseta.it\/en\/wp-json\/wp\/v2\/posts\/1146\/revisions"}],"predecessor-version":[{"id":1159,"href":"https:\/\/laspezieriadellaseta.it\/en\/wp-json\/wp\/v2\/posts\/1146\/revisions\/1159"}],"wp:featuredmedia":[{"embeddable":true,"href":"https:\/\/laspezieriadellaseta.it\/en\/wp-json\/wp\/v2\/media\/1150"}],"wp:attachment":[{"href":"https:\/\/laspezieriadellaseta.it\/en\/wp-json\/wp\/v2\/media?parent=1146"}],"wp:term":[{"taxonomy":"category","embeddable":true,"href":"https:\/\/laspezieriadellaseta.it\/en\/wp-json\/wp\/v2\/categories?post=1146"},{"taxonomy":"post_tag","embeddable":true,"href":"https:\/\/laspezieriadellaseta.it\/en\/wp-json\/wp\/v2\/tags?post=1146"}],"curies":[{"name":"wp","href":"https:\/\/api.w.org\/{rel}","templated":true}]}}